{"id":348,"date":"2014-02-02T16:50:07","date_gmt":"2014-02-02T16:50:07","guid":{"rendered":"http:\/\/middoge.de\/?p=348"},"modified":"2014-02-02T17:10:54","modified_gmt":"2014-02-02T17:10:54","slug":"planunterlagen-fur-den-radwegbau-lassen-auf-sich-warten","status":"publish","type":"post","link":"https:\/\/middoge.de\/?p=348","title":{"rendered":"Planunterlagen f\u00fcr den Radwegbau lassen auf sich warten"},"content":{"rendered":"<blockquote><p>&#8222;Die Dorfgemeinschaften in Middoge, Tettens, Pievens und Oldorf haben schon mehrfach laut und deutlich den Bau eines Radwegs entlang der Kreisstra\u00dfe 89 gefordert. Erst k\u00fcrzlich wieder in einem Leserbrief, in dem Ekke Schoof, Sprecher der Middoger Landrat Sven Ambrosy die Frage stellte, wann nun endlich mit dem Bau begonnen werde. Eine Antwort schickte am Dienstag der Pressesprecher des Landkreises, S\u00f6nke Klug.<\/p>\n<p>Leider seien trotz regelm\u00e4\u00dfiger Nachfrage die dringend erwarteten Planunterlagen der Nieders\u00e4chsischen Landesbeh\u00f6rde f\u00fcr Stra\u00dfenbau und Verkehr in Aurich noch immer nicht beim Landkreis eingetroffen, hei\u00dft es in der Pressemitteilung. Ohne diese Unterlagen k\u00f6nne der Landkreis das von Anwohnern wie Verwaltung gew\u00fcnschte Planfeststellungsverfahren f\u00fcr den Radweg an der K 89 zwischen Middoge und Oldorf noch nicht einleiten. Die Unterlagen h\u00e4tten schon zum Jahreswechsel vorliegen sollen&#8230;&#8220;<\/p><\/blockquote>\n<p>Quelle und mehr: <a title=\"Radwegbau in Middoge\" href=\"http:\/\/jeversches-wochenblatt.de\/Nachrichten.aspx?ArtikelNr=15523&amp;ReturnTab=377\">Jeversches Wochenblatt, 28.1.2014<\/a><\/p>\n<p><a href=\"http:\/\/www.flickr.com\/photos\/dietersw\/8383461636\/in\/set-72157632528999074\/lightbox\/\"><img loading=\"lazy\" decoding=\"async\" class=\"aligncenter size-full wp-image-355\" title=\"4D\u00f6rferundeinWeg\" src=\"https:\/\/middoge.de\/wp-content\/uploads\/2014\/02\/4D\u00f6rferundeinWeg1.jpg\" alt=\"4D\u00f6rferundeinWeg\" width=\"438\" height=\"551\" srcset=\"https:\/\/middoge.de\/wp-content\/uploads\/2014\/02\/4D\u00f6rferundeinWeg1.jpg 438w, https:\/\/middoge.de\/wp-content\/uploads\/2014\/02\/4D\u00f6rferundeinWeg1-238x300.jpg 238w\" sizes=\"auto, (max-width: 438px) 100vw, 438px\" \/><\/a><\/p>\n<p style=\"text-align: center;\"><a href=\"http:\/\/www.flickr.com\/photos\/dietersw\/8383461636\/in\/set-72157632528999074\/lightbox\/\">Bilder von der Demo 2012<\/a><\/p>\n","protected":false},"excerpt":{"rendered":"<p>&#8222;Die Dorfgemeinschaften in Middoge, Tettens, Pievens und Oldorf haben schon mehrfach laut und deutlich den Bau eines Radwegs entlang der Kreisstra\u00dfe 89 gefordert. Erst k\u00fcrzlich wieder in einem Leserbrief, in dem Ekke Schoof, Sprecher der Middoger Landrat Sven Ambrosy die &hellip; <a href=\"https:\/\/middoge.de\/?p=348\">Weiterlesen <span class=\"meta-nav\">&rarr;<\/span><\/a><\/p>\n","protected":false},"author":1,"featured_media":0,"comment_status":"open","ping_status":"open","sticky":false,"template":"","format":"standard","meta":{"_crdt_document":"","footnotes":""},"categories":[12,10,1],"tags":[],"class_list":["post-348","post","type-post","status-publish","format-standard","hentry","category-dorfgemeinschaft","category-rad","category-sons"],"_links":{"self":[{"href":"https:\/\/middoge.de\/index.php?rest_route=\/wp\/v2\/posts\/348","targetHints":{"allow":["GET"]}}],"collection":[{"href":"https:\/\/middoge.de\/index.php?rest_route=\/wp\/v2\/posts"}],"about":[{"href":"https:\/\/middoge.de\/index.php?rest_route=\/wp\/v2\/types\/post"}],"author":[{"embeddable":true,"href":"https:\/\/middoge.de\/index.php?rest_route=\/wp\/v2\/users\/1"}],"replies":[{"embeddable":true,"href":"https:\/\/middoge.de\/index.php?rest_route=%2Fwp%2Fv2%2Fcomments&post=348"}],"version-history":[{"count":7,"href":"https:\/\/middoge.de\/index.php?rest_route=\/wp\/v2\/posts\/348\/revisions"}],"predecessor-version":[{"id":351,"href":"https:\/\/middoge.de\/index.php?rest_route=\/wp\/v2\/posts\/348\/revisions\/351"}],"wp:attachment":[{"href":"https:\/\/middoge.de\/index.php?rest_route=%2Fwp%2Fv2%2Fmedia&parent=348"}],"wp:term":[{"taxonomy":"category","embeddable":true,"href":"https:\/\/middoge.de\/index.php?rest_route=%2Fwp%2Fv2%2Fcategories&post=348"},{"taxonomy":"post_tag","embeddable":true,"href":"https:\/\/middoge.de\/index.php?rest_route=%2Fwp%2Fv2%2Ftags&post=348"}],"curies":[{"name":"wp","href":"https:\/\/api.w.org\/{rel}","templated":true}]}}