{"id":1639,"date":"2021-10-11T14:41:48","date_gmt":"2021-10-11T14:41:48","guid":{"rendered":"https:\/\/middoge.de\/?p=1639"},"modified":"2021-11-17T15:42:47","modified_gmt":"2021-11-17T15:42:47","slug":"der-schwan-ist-zurueck","status":"publish","type":"post","link":"https:\/\/middoge.de\/?p=1639","title":{"rendered":"Der Schwan ist zur\u00fcck"},"content":{"rendered":"<p>Der goldene Schwan ist wieder zur\u00fcck auf dem Turm der Middoger Kirche. Auf dem ersten Bild steht er noch auf der Werkbank von Uwe Hinrichs, der f\u00fcr den goldenen Farbton sorgte. Wilhelm Peters hatte daf\u00fcr gesorgt, dass bei einer Baumf\u00e4llung\u00a0 der l\u00e4dierte Schwan gesichert vom Dach genommen wurde. Die Firma Walter Gerdes sorgte f\u00fcr die entsprechenden Materialarbeiten und Uwe Hinrichs sorgte f\u00fcr den richtigen Farb\u00fcberzug. Die Kosten f\u00fcr den Kran konnte die Kirchengemeinde aus dem Kirchengeld aufbringen.<\/p>\n<p><a href=\"https:\/\/middoge.de\/wp-content\/uploads\/2021\/10\/WhatsApp-Image-2021-10-03-at-18.01.50-3-1.jpg\"><img loading=\"lazy\" decoding=\"async\" class=\"aligncenter size-full wp-image-1640\" src=\"https:\/\/middoge.de\/wp-content\/uploads\/2021\/10\/WhatsApp-Image-2021-10-03-at-18.01.50-3-1.jpg\" alt=\"\" width=\"634\" height=\"845\" srcset=\"https:\/\/middoge.de\/wp-content\/uploads\/2021\/10\/WhatsApp-Image-2021-10-03-at-18.01.50-3-1.jpg 634w, https:\/\/middoge.de\/wp-content\/uploads\/2021\/10\/WhatsApp-Image-2021-10-03-at-18.01.50-3-1-225x300.jpg 225w\" sizes=\"auto, (max-width: 634px) 100vw, 634px\" \/><\/a><\/p>\n<p>Von Klaus Homola und dem Online-Portal der Nord-West-Zeitung stammt das Bild mit dem auf der Kirche montierten Schwan, der jetzt wieder &#8222;\u00f6ver Land un L\u00fc&#8220; wacht:<\/p>\n<div style=\"width: 610px\" class=\"wp-caption alignleft\"><a href=\"https:\/\/www.nwzonline.de\/rw\/NWZ_CMS\/NWZ\/2017-2020\/Produktion\/2021\/10\/06\/FRIESLAND\/JEVER\/JEVER\/Bilder\/FRIESLAND_JEVER_JEVER_ee460ec3-faae-41a3-b653-abf750d83424-f141.jpg?uuid=7mIPMiaLEeyI3YTR5qRvsQ\"><img loading=\"lazy\" decoding=\"async\" class=\"size-full\" src=\"https:\/\/www.nwzonline.de\/rw\/NWZ_CMS\/NWZ\/2017-2020\/Produktion\/2021\/10\/06\/FRIESLAND\/JEVER\/JEVER\/Bilder\/FRIESLAND_JEVER_JEVER_ee460ec3-faae-41a3-b653-abf750d83424-f141.jpg?uuid=7mIPMiaLEeyI3YTR5qRvsQ\" width=\"600\" height=\"337\" \/><\/a><p class=\"wp-caption-text\">Bild von Klaus Homola bei NWZONLINE am 07.10.2021<\/p><\/div>\n<p>Die Bedeutung des Schwans ist mit der Person von Martin Luther verbunden, nachzulesen bei Wikipedia: <a href=\"https:\/\/de.wikipedia.org\/wiki\/Schwan_(Symbol)\" target=\"_blank\" rel=\"noopener\">https:\/\/de.wikipedia.org\/wiki\/Schwan_(Symbol)<\/a>. Dort sind viele Kirchen mit den &#8222;Lutherschw\u00e4nen&#8220; aufgef\u00fchrt, jetzt ist die Middoger Kirche auch dabei.<\/p>\n<p>Eine kleine Kirchengeschichte zeigt auf, dass man zwischen den Kirchen mit dem Schwan (lutherisch) und den Kirchen mit dem Wetterhahn (reformiert) unterscheiden konnte, bis auf die Kirche in Groothusen, die zwar reformiert ist, aber einen Lutherschwan hat. (Siehe J\u00f6rg Nielsen bei der <a href=\"https:\/\/www.landeskirche-hannovers.de\/evlka-de\/presse-und-medien\/nachrichten\/2011\/07\/21-16336\" target=\"_blank\" rel=\"noopener\">Evangelisch-Lutherischen Landeskirche Hannover<\/a>)<\/p>\n","protected":false},"excerpt":{"rendered":"<p>Der goldene Schwan ist wieder zur\u00fcck auf dem Turm der Middoger Kirche. Auf dem ersten Bild steht er noch auf der Werkbank von Uwe Hinrichs, der f\u00fcr den goldenen Farbton sorgte. Wilhelm Peters hatte daf\u00fcr gesorgt, dass bei einer Baumf\u00e4llung\u00a0 &hellip; <a href=\"https:\/\/middoge.de\/?p=1639\">Weiterlesen <span class=\"meta-nav\">&rarr;<\/span><\/a><\/p>\n","protected":false},"author":1,"featured_media":0,"comment_status":"open","ping_status":"open","sticky":false,"template":"","format":"standard","meta":{"_crdt_document":"","footnotes":""},"categories":[12,6],"tags":[],"class_list":["post-1639","post","type-post","status-publish","format-standard","hentry","category-dorfgemeinschaft","category-kirche"],"_links":{"self":[{"href":"https:\/\/middoge.de\/index.php?rest_route=\/wp\/v2\/posts\/1639","targetHints":{"allow":["GET"]}}],"collection":[{"href":"https:\/\/middoge.de\/index.php?rest_route=\/wp\/v2\/posts"}],"about":[{"href":"https:\/\/middoge.de\/index.php?rest_route=\/wp\/v2\/types\/post"}],"author":[{"embeddable":true,"href":"https:\/\/middoge.de\/index.php?rest_route=\/wp\/v2\/users\/1"}],"replies":[{"embeddable":true,"href":"https:\/\/middoge.de\/index.php?rest_route=%2Fwp%2Fv2%2Fcomments&post=1639"}],"version-history":[{"count":8,"href":"https:\/\/middoge.de\/index.php?rest_route=\/wp\/v2\/posts\/1639\/revisions"}],"predecessor-version":[{"id":1661,"href":"https:\/\/middoge.de\/index.php?rest_route=\/wp\/v2\/posts\/1639\/revisions\/1661"}],"wp:attachment":[{"href":"https:\/\/middoge.de\/index.php?rest_route=%2Fwp%2Fv2%2Fmedia&parent=1639"}],"wp:term":[{"taxonomy":"category","embeddable":true,"href":"https:\/\/middoge.de\/index.php?rest_route=%2Fwp%2Fv2%2Fcategories&post=1639"},{"taxonomy":"post_tag","embeddable":true,"href":"https:\/\/middoge.de\/index.php?rest_route=%2Fwp%2Fv2%2Ftags&post=1639"}],"curies":[{"name":"wp","href":"https:\/\/api.w.org\/{rel}","templated":true}]}}