{"id":1241,"date":"2019-07-20T15:27:51","date_gmt":"2019-07-20T15:27:51","guid":{"rendered":"http:\/\/middoge.de\/?p=1241"},"modified":"2019-07-20T15:49:25","modified_gmt":"2019-07-20T15:49:25","slug":"die-zeit-der-haeuptlinge-mit-middoger-wappen","status":"publish","type":"post","link":"https:\/\/middoge.de\/?p=1241","title":{"rendered":"Die Zeit der H\u00e4uptlinge mit Middoger Wappen"},"content":{"rendered":"\n<p class=\"wp-block-paragraph\">Im Schloss in Jever ist zur Zeit die sehr sehenswerte Ausstellung \u00fcber die Zeit der H\u00e4uptlinge zu sehen. Dabei wird auch eine Wappentafel derer zu Werdum gezeigt, auf der wohl die \u00e4lteste Darstellung eines Wappens von Middoge zu sehen ist. In der Liste wird der H\u00e4uptling zu Middoge &#8222;Betke&#8220; genannt, der um 1500 gelebt hat und dem das folgende Wappen zugeordnet ist:<\/p>\n\n\n\n<div class=\"wp-block-image\"><figure class=\"aligncenter size-large is-resized\"><a href=\"https:\/\/middoge.de\/wp-content\/uploads\/2019\/07\/MiddogerWappen16Jhdt.jpg\"><img loading=\"lazy\" decoding=\"async\" src=\"https:\/\/middoge.de\/wp-content\/uploads\/2019\/07\/MiddogerWappen16Jhdt-715x1024.jpg\" alt=\"\" class=\"wp-image-1242\" width=\"430\" height=\"614\"\/><\/a><\/figure><\/div>\n\n\n\n<p class=\"wp-block-paragraph\">\u00dcber die H\u00e4uptlinge (oder Junker) in Middoge gibt es unter der folgenden Adresse noch einige Geschichten:<\/p>\n\n\n\n<ul class=\"wp-block-list\"><li>\n<a href=\"http:\/\/www.zeno.org\/Literatur\/M\/Strackerjan,+Ludwig\/Sagen\/Aberglaube+und+Sagen+aus+dem+Herzogtum+Oldenburg\/Zweiter+Band\/Drittes+Buch\/Dritter+Abschnitt\/O.+Jeverland\/607.+Middoge\/a.+%5BVor+Zeiten+lebte+auf+Haus+Middoge+ein+Junker,+der+wegen+seiner%5D\">a. [Vor Zeiten lebte auf Haus Middoge ein Junker, der wegen seiner]<\/a>\n<\/li><li>\n<a href=\"http:\/\/www.zeno.org\/Literatur\/M\/Strackerjan,+Ludwig\/Sagen\/Aberglaube+und+Sagen+aus+dem+Herzogtum+Oldenburg\/Zweiter+Band\/Drittes+Buch\/Dritter+Abschnitt\/O.+Jeverland\/607.+Middoge\/b.+%5BMiddoge+war+fr%C3%BCher+nach+Tettens+eingepfarrt.+Das+war+aber+dem+Junker%5D\">b. [Middoge war fr\u00fcher nach Tettens eingepfarrt. Das war aber dem Junker]<\/a>\n<\/li><li>\n<a href=\"http:\/\/www.zeno.org\/Literatur\/M\/Strackerjan,+Ludwig\/Sagen\/Aberglaube+und+Sagen+aus+dem+Herzogtum+Oldenburg\/Zweiter+Band\/Drittes+Buch\/Dritter+Abschnitt\/O.+Jeverland\/607.+Middoge\/c.+%5BZu+Haus+Middoge+wohnte+fr%C3%BCher+ein+Junker,+welcher+sehr+hart+und%5D\">c. [Zu Haus Middoge wohnte fr\u00fcher ein Junker, welcher sehr hart und]<\/a>\n<\/li><\/ul>\n","protected":false},"excerpt":{"rendered":"<p>Im Schloss in Jever ist zur Zeit die sehr sehenswerte Ausstellung \u00fcber die Zeit der H\u00e4uptlinge zu sehen. Dabei wird auch eine Wappentafel derer zu Werdum gezeigt, auf der wohl die \u00e4lteste Darstellung eines Wappens von Middoge zu sehen ist. &hellip; <a href=\"https:\/\/middoge.de\/?p=1241\">Weiterlesen <span class=\"meta-nav\">&rarr;<\/span><\/a><\/p>\n","protected":false},"author":1,"featured_media":0,"comment_status":"open","ping_status":"open","sticky":false,"template":"","format":"standard","meta":{"_crdt_document":"","footnotes":""},"categories":[5,6],"tags":[],"class_list":["post-1241","post","type-post","status-publish","format-standard","hentry","category-gesch","category-kirche"],"_links":{"self":[{"href":"https:\/\/middoge.de\/index.php?rest_route=\/wp\/v2\/posts\/1241","targetHints":{"allow":["GET"]}}],"collection":[{"href":"https:\/\/middoge.de\/index.php?rest_route=\/wp\/v2\/posts"}],"about":[{"href":"https:\/\/middoge.de\/index.php?rest_route=\/wp\/v2\/types\/post"}],"author":[{"embeddable":true,"href":"https:\/\/middoge.de\/index.php?rest_route=\/wp\/v2\/users\/1"}],"replies":[{"embeddable":true,"href":"https:\/\/middoge.de\/index.php?rest_route=%2Fwp%2Fv2%2Fcomments&post=1241"}],"version-history":[{"count":4,"href":"https:\/\/middoge.de\/index.php?rest_route=\/wp\/v2\/posts\/1241\/revisions"}],"predecessor-version":[{"id":1246,"href":"https:\/\/middoge.de\/index.php?rest_route=\/wp\/v2\/posts\/1241\/revisions\/1246"}],"wp:attachment":[{"href":"https:\/\/middoge.de\/index.php?rest_route=%2Fwp%2Fv2%2Fmedia&parent=1241"}],"wp:term":[{"taxonomy":"category","embeddable":true,"href":"https:\/\/middoge.de\/index.php?rest_route=%2Fwp%2Fv2%2Fcategories&post=1241"},{"taxonomy":"post_tag","embeddable":true,"href":"https:\/\/middoge.de\/index.php?rest_route=%2Fwp%2Fv2%2Ftags&post=1241"}],"curies":[{"name":"wp","href":"https:\/\/api.w.org\/{rel}","templated":true}]}}